{"id":1058,"date":"2020-04-20T10:37:52","date_gmt":"2020-04-20T10:37:52","guid":{"rendered":"https:\/\/spareparts.sampierana.com\/?p=1058"},"modified":"2024-09-05T13:04:43","modified_gmt":"2024-09-05T13:04:43","slug":"covid-19-provvedimenti-aziendali","status":"publish","type":"post","link":"https:\/\/spareparts.sampierana.com\/it\/covid-19-provvedimenti-aziendali\/","title":{"rendered":"COVID-19: provvedimenti aziendali"},"content":{"rendered":"\n<p>Il contagio da COVID-19 ci sta mettendo di fronte ad una vera e propria emergenza internazionale che &#8211; a ritmi diversi &#8211; sta colpendo tutti indistintamente, mercati compresi.<br>Sampierana S.p.A. si \u00e8 attivata sin da subito per salvaguardare i propri collaboratori e le loro famiglie: gi\u00e0 dall\u2019inizio del mese di marzo (prima dell\u2019entrata in vigore dei decreti dell\u20198 e 9 marzo 2020) abbiamo distribuito mascherine a tutti i dipendenti e condiviso norme igieniche e comportamentali ancora pi\u00f9 stringenti di quelle che gi\u00e0 rientravano nella nostra quotidianit\u00e0. Sono state inoltre sospese le trasferte aziendali, intensificate le attivit\u00e0 di pulizia e sanificazione di tutti gli ambienti ed abbiamo attivato lo <em>smart working<\/em> per tutti gli impiegati.<br>Con l\u2019evolversi della situazione &#8211; e nel rispetto dei provvedimenti adottati dal Governo italiano &#8211; bench\u00e9 alcune delle nostre attivit\u00e0 ci permettessero di rimanere aperti, a titolo precauzionale e per salvaguardare maggiormente la salute dei nostri collaboratori, abbiamo deciso di chiudere temporaneamente tutta l\u2019azienda per dieci giorni, garantendo comunque la piena operativit\u00e0 del personale non produttivo, grazie all\u2019attivazione del \u201clavoro agile\u201d.<\/p>\n\n\n\n<p>Attualmente i tre reparti commerciali di Sampierana (sottocarri, ricambi e macchine Eurocomach) sono operativi in regime di <em>smart working<\/em>. Allo stesso tempo, anche i magazzini ricambi parti carro ed Eurocomach, nonch\u00e9 il reparto Service Eurocomach, sono attivi e a disposizione dei nostri clienti in tutto il mondo, con personale che opera in totale sicurezza.<\/p>\n\n\n\n<p><strong>Il business di Sampierana non pu\u00f2 definirsi fermo &#8211; forse \u201ctemporaneamente ridotto\u201d &#8211; poich\u00e9 grazie alla nostra rete commerciale siamo attivi in moltissimi Paesi del mondo e stiamo continuando ad offrire i nostri servizi nel migliore dei modi.<\/strong><\/p>\n\n\n\n<p>Nelle ultime settimane abbiamo assistito ad un aggiornamento costante del calendario delle fiere di settore in tutta Europa: dalle italiane <em>Samoter <\/em>e <em>Agriumbria <\/em>allo <em>Smopyc <\/em>di Saragozza, le diverse manifestazioni sono state rimandate, per il momento, all\u2019autunno 2020. Scelte dovute e rispettabili, le quali non devono farci perdere di vista il nostro obiettivo: ripartire ancora pi\u00f9 forti una volta che l\u2019emergenza sar\u00e0 finita.<\/p>\n\n\n\n<p><strong>In questo momento di grande criticit\u00e0, l\u2019obiettivo principale \u00e8 sicuramente quello di limitare la diffusione del contagio e siamo certi che le misure adottate dalla nostra azienda rappresentino un nodo fondamentale nella tutela dei nostri collaboratori e di tutti i nostri interlocutori.<\/strong><\/p>\n","protected":false},"excerpt":{"rendered":"<p>Grazie alla forza e all\u2019unione del nostro team siamo sicuri che ce la faremo.<\/p>\n","protected":false},"author":3,"featured_media":1059,"comment_status":"closed","ping_status":"closed","sticky":false,"template":"","format":"standard","meta":{"_breakdance_hide_in_design_set":false,"_breakdance_tags":"","footnotes":""},"categories":[58],"tags":[],"class_list":["post-1058","post","type-post","status-publish","format-standard","has-post-thumbnail","hentry","category-news-fiere"],"yoast_head":"<!-- This site is optimized with the Yoast SEO plugin v26.3 - https:\/\/yoast.com\/wordpress\/plugins\/seo\/ -->\n<title>Sampierana Group | COVID-19: provvedimenti aziendali<\/title>\n<meta name=\"description\" content=\"Sampierana S.p.A. si \u00e8 attivata sin da subito per salvaguardare i propri collaboratori e le loro famiglie in questa emergenza complessa e inaspettata.\" \/>\n<meta name=\"robots\" content=\"index, follow, max-snippet:-1, max-image-preview:large, max-video-preview:-1\" \/>\n<link rel=\"canonical\" href=\"https:\/\/spareparts.sampierana.com\/it\/covid-19-provvedimenti-aziendali\/\" \/>\n<meta property=\"og:locale\" content=\"it_IT\" \/>\n<meta property=\"og:type\" content=\"article\" \/>\n<meta property=\"og:title\" content=\"Sampierana Group | COVID-19: provvedimenti aziendali\" \/>\n<meta property=\"og:description\" content=\"Sampierana S.p.A. si \u00e8 attivata sin da subito per salvaguardare i propri collaboratori e le loro famiglie in questa emergenza complessa e inaspettata.\" \/>\n<meta property=\"og:url\" content=\"https:\/\/spareparts.sampierana.com\/it\/covid-19-provvedimenti-aziendali\/\" \/>\n<meta property=\"og:site_name\" content=\"Sampierana UC Spare Parts\" \/>\n<meta property=\"article:published_time\" content=\"2020-04-20T10:37:52+00:00\" \/>\n<meta property=\"article:modified_time\" content=\"2024-09-05T13:04:43+00:00\" \/>\n<meta property=\"og:image\" content=\"https:\/\/spareparts.sampierana.com\/wp-content\/uploads\/sites\/9\/2020\/04\/sampierana-covid-19.jpg\" \/>\n\t<meta property=\"og:image:width\" content=\"1920\" \/>\n\t<meta property=\"og:image:height\" content=\"400\" \/>\n\t<meta property=\"og:image:type\" content=\"image\/jpeg\" \/>\n<meta name=\"author\" content=\"Sara Albini\" \/>\n<meta name=\"twitter:card\" content=\"summary_large_image\" \/>\n<meta name=\"twitter:label1\" content=\"Written by\" \/>\n\t<meta name=\"twitter:data1\" content=\"Sara Albini\" \/>\n\t<meta name=\"twitter:label2\" content=\"Est. reading time\" \/>\n\t<meta name=\"twitter:data2\" content=\"2 minutes\" \/>\n<script type=\"application\/ld+json\" class=\"yoast-schema-graph\">{\"@context\":\"https:\/\/schema.org\",\"@graph\":[{\"@type\":\"WebPage\",\"@id\":\"https:\/\/spareparts.sampierana.com\/it\/covid-19-provvedimenti-aziendali\/\",\"url\":\"https:\/\/spareparts.sampierana.com\/it\/covid-19-provvedimenti-aziendali\/\",\"name\":\"Sampierana Group | COVID-19: provvedimenti aziendali\",\"isPartOf\":{\"@id\":\"https:\/\/spareparts.sampierana.com\/it\/#website\"},\"primaryImageOfPage\":{\"@id\":\"https:\/\/spareparts.sampierana.com\/it\/covid-19-provvedimenti-aziendali\/#primaryimage\"},\"image\":{\"@id\":\"https:\/\/spareparts.sampierana.com\/it\/covid-19-provvedimenti-aziendali\/#primaryimage\"},\"thumbnailUrl\":\"https:\/\/spareparts.sampierana.com\/wp-content\/uploads\/sites\/9\/2020\/04\/sampierana-covid-19.jpg\",\"datePublished\":\"2020-04-20T10:37:52+00:00\",\"dateModified\":\"2024-09-05T13:04:43+00:00\",\"author\":{\"@id\":\"https:\/\/spareparts.sampierana.com\/it\/#\/schema\/person\/4c94e6c00f1c91db37b6456e10fae133\"},\"description\":\"Sampierana S.p.A. si \u00e8 attivata sin da subito per salvaguardare i propri collaboratori e le loro famiglie in questa emergenza complessa e inaspettata.\",\"breadcrumb\":{\"@id\":\"https:\/\/spareparts.sampierana.com\/it\/covid-19-provvedimenti-aziendali\/#breadcrumb\"},\"inLanguage\":\"it\",\"potentialAction\":[{\"@type\":\"ReadAction\",\"target\":[\"https:\/\/spareparts.sampierana.com\/it\/covid-19-provvedimenti-aziendali\/\"]}]},{\"@type\":\"ImageObject\",\"inLanguage\":\"it\",\"@id\":\"https:\/\/spareparts.sampierana.com\/it\/covid-19-provvedimenti-aziendali\/#primaryimage\",\"url\":\"https:\/\/spareparts.sampierana.com\/wp-content\/uploads\/sites\/9\/2020\/04\/sampierana-covid-19.jpg\",\"contentUrl\":\"https:\/\/spareparts.sampierana.com\/wp-content\/uploads\/sites\/9\/2020\/04\/sampierana-covid-19.jpg\",\"width\":1920,\"height\":400},{\"@type\":\"BreadcrumbList\",\"@id\":\"https:\/\/spareparts.sampierana.com\/it\/covid-19-provvedimenti-aziendali\/#breadcrumb\",\"itemListElement\":[{\"@type\":\"ListItem\",\"position\":1,\"name\":\"Home\",\"item\":\"https:\/\/spareparts.sampierana.com\/it\/\"},{\"@type\":\"ListItem\",\"position\":2,\"name\":\"COVID-19: provvedimenti aziendali\"}]},{\"@type\":\"WebSite\",\"@id\":\"https:\/\/spareparts.sampierana.com\/it\/#website\",\"url\":\"https:\/\/spareparts.sampierana.com\/it\/\",\"name\":\"Sampierana UC Spare Parts\",\"description\":\"Concrete Solutions Always\",\"potentialAction\":[{\"@type\":\"SearchAction\",\"target\":{\"@type\":\"EntryPoint\",\"urlTemplate\":\"https:\/\/spareparts.sampierana.com\/it\/?s={search_term_string}\"},\"query-input\":{\"@type\":\"PropertyValueSpecification\",\"valueRequired\":true,\"valueName\":\"search_term_string\"}}],\"inLanguage\":\"it\"},{\"@type\":\"Person\",\"@id\":\"https:\/\/spareparts.sampierana.com\/it\/#\/schema\/person\/4c94e6c00f1c91db37b6456e10fae133\",\"name\":\"Sara Albini\",\"image\":{\"@type\":\"ImageObject\",\"inLanguage\":\"it\",\"@id\":\"https:\/\/spareparts.sampierana.com\/it\/#\/schema\/person\/image\/\",\"url\":\"https:\/\/secure.gravatar.com\/avatar\/bbf2783cb1a80ab32462aa74e6282ad51a2b46e6e2d2b3ed4ecde8b427247f6d?s=96&d=mm&r=g\",\"contentUrl\":\"https:\/\/secure.gravatar.com\/avatar\/bbf2783cb1a80ab32462aa74e6282ad51a2b46e6e2d2b3ed4ecde8b427247f6d?s=96&d=mm&r=g\",\"caption\":\"Sara Albini\"}}]}<\/script>\n<!-- \/ Yoast SEO plugin. -->","yoast_head_json":{"title":"Sampierana Group | COVID-19: provvedimenti aziendali","description":"Sampierana S.p.A. si \u00e8 attivata sin da subito per salvaguardare i propri collaboratori e le loro famiglie in questa emergenza complessa e inaspettata.","robots":{"index":"index","follow":"follow","max-snippet":"max-snippet:-1","max-image-preview":"max-image-preview:large","max-video-preview":"max-video-preview:-1"},"canonical":"https:\/\/spareparts.sampierana.com\/it\/covid-19-provvedimenti-aziendali\/","og_locale":"it_IT","og_type":"article","og_title":"Sampierana Group | COVID-19: provvedimenti aziendali","og_description":"Sampierana S.p.A. si \u00e8 attivata sin da subito per salvaguardare i propri collaboratori e le loro famiglie in questa emergenza complessa e inaspettata.","og_url":"https:\/\/spareparts.sampierana.com\/it\/covid-19-provvedimenti-aziendali\/","og_site_name":"Sampierana UC Spare Parts","article_published_time":"2020-04-20T10:37:52+00:00","article_modified_time":"2024-09-05T13:04:43+00:00","og_image":[{"width":1920,"height":400,"url":"https:\/\/spareparts.sampierana.com\/wp-content\/uploads\/sites\/9\/2020\/04\/sampierana-covid-19.jpg","type":"image\/jpeg"}],"author":"Sara Albini","twitter_card":"summary_large_image","twitter_misc":{"Written by":"Sara Albini","Est. reading time":"2 minutes"},"schema":{"@context":"https:\/\/schema.org","@graph":[{"@type":"WebPage","@id":"https:\/\/spareparts.sampierana.com\/it\/covid-19-provvedimenti-aziendali\/","url":"https:\/\/spareparts.sampierana.com\/it\/covid-19-provvedimenti-aziendali\/","name":"Sampierana Group | COVID-19: provvedimenti aziendali","isPartOf":{"@id":"https:\/\/spareparts.sampierana.com\/it\/#website"},"primaryImageOfPage":{"@id":"https:\/\/spareparts.sampierana.com\/it\/covid-19-provvedimenti-aziendali\/#primaryimage"},"image":{"@id":"https:\/\/spareparts.sampierana.com\/it\/covid-19-provvedimenti-aziendali\/#primaryimage"},"thumbnailUrl":"https:\/\/spareparts.sampierana.com\/wp-content\/uploads\/sites\/9\/2020\/04\/sampierana-covid-19.jpg","datePublished":"2020-04-20T10:37:52+00:00","dateModified":"2024-09-05T13:04:43+00:00","author":{"@id":"https:\/\/spareparts.sampierana.com\/it\/#\/schema\/person\/4c94e6c00f1c91db37b6456e10fae133"},"description":"Sampierana S.p.A. si \u00e8 attivata sin da subito per salvaguardare i propri collaboratori e le loro famiglie in questa emergenza complessa e inaspettata.","breadcrumb":{"@id":"https:\/\/spareparts.sampierana.com\/it\/covid-19-provvedimenti-aziendali\/#breadcrumb"},"inLanguage":"it","potentialAction":[{"@type":"ReadAction","target":["https:\/\/spareparts.sampierana.com\/it\/covid-19-provvedimenti-aziendali\/"]}]},{"@type":"ImageObject","inLanguage":"it","@id":"https:\/\/spareparts.sampierana.com\/it\/covid-19-provvedimenti-aziendali\/#primaryimage","url":"https:\/\/spareparts.sampierana.com\/wp-content\/uploads\/sites\/9\/2020\/04\/sampierana-covid-19.jpg","contentUrl":"https:\/\/spareparts.sampierana.com\/wp-content\/uploads\/sites\/9\/2020\/04\/sampierana-covid-19.jpg","width":1920,"height":400},{"@type":"BreadcrumbList","@id":"https:\/\/spareparts.sampierana.com\/it\/covid-19-provvedimenti-aziendali\/#breadcrumb","itemListElement":[{"@type":"ListItem","position":1,"name":"Home","item":"https:\/\/spareparts.sampierana.com\/it\/"},{"@type":"ListItem","position":2,"name":"COVID-19: provvedimenti aziendali"}]},{"@type":"WebSite","@id":"https:\/\/spareparts.sampierana.com\/it\/#website","url":"https:\/\/spareparts.sampierana.com\/it\/","name":"Sampierana UC Spare Parts","description":"Concrete Solutions Always","potentialAction":[{"@type":"SearchAction","target":{"@type":"EntryPoint","urlTemplate":"https:\/\/spareparts.sampierana.com\/it\/?s={search_term_string}"},"query-input":{"@type":"PropertyValueSpecification","valueRequired":true,"valueName":"search_term_string"}}],"inLanguage":"it"},{"@type":"Person","@id":"https:\/\/spareparts.sampierana.com\/it\/#\/schema\/person\/4c94e6c00f1c91db37b6456e10fae133","name":"Sara Albini","image":{"@type":"ImageObject","inLanguage":"it","@id":"https:\/\/spareparts.sampierana.com\/it\/#\/schema\/person\/image\/","url":"https:\/\/secure.gravatar.com\/avatar\/bbf2783cb1a80ab32462aa74e6282ad51a2b46e6e2d2b3ed4ecde8b427247f6d?s=96&d=mm&r=g","contentUrl":"https:\/\/secure.gravatar.com\/avatar\/bbf2783cb1a80ab32462aa74e6282ad51a2b46e6e2d2b3ed4ecde8b427247f6d?s=96&d=mm&r=g","caption":"Sara Albini"}}]}},"_links":{"self":[{"href":"https:\/\/spareparts.sampierana.com\/it\/wp-json\/wp\/v2\/posts\/1058","targetHints":{"allow":["GET"]}}],"collection":[{"href":"https:\/\/spareparts.sampierana.com\/it\/wp-json\/wp\/v2\/posts"}],"about":[{"href":"https:\/\/spareparts.sampierana.com\/it\/wp-json\/wp\/v2\/types\/post"}],"author":[{"embeddable":true,"href":"https:\/\/spareparts.sampierana.com\/it\/wp-json\/wp\/v2\/users\/3"}],"replies":[{"embeddable":true,"href":"https:\/\/spareparts.sampierana.com\/it\/wp-json\/wp\/v2\/comments?post=1058"}],"version-history":[{"count":1,"href":"https:\/\/spareparts.sampierana.com\/it\/wp-json\/wp\/v2\/posts\/1058\/revisions"}],"predecessor-version":[{"id":1069,"href":"https:\/\/spareparts.sampierana.com\/it\/wp-json\/wp\/v2\/posts\/1058\/revisions\/1069"}],"wp:featuredmedia":[{"embeddable":true,"href":"https:\/\/spareparts.sampierana.com\/it\/wp-json\/wp\/v2\/media\/1059"}],"wp:attachment":[{"href":"https:\/\/spareparts.sampierana.com\/it\/wp-json\/wp\/v2\/media?parent=1058"}],"wp:term":[{"taxonomy":"category","embeddable":true,"href":"https:\/\/spareparts.sampierana.com\/it\/wp-json\/wp\/v2\/categories?post=1058"},{"taxonomy":"post_tag","embeddable":true,"href":"https:\/\/spareparts.sampierana.com\/it\/wp-json\/wp\/v2\/tags?post=1058"}],"curies":[{"name":"wp","href":"https:\/\/api.w.org\/{rel}","templated":true}]}}