{"id":2295,"date":"2024-06-12T14:29:40","date_gmt":"2024-06-12T14:29:40","guid":{"rendered":"https:\/\/spareparts.sampierana.com\/?p=2295"},"modified":"2024-09-05T12:57:20","modified_gmt":"2024-09-05T12:57:20","slug":"le-voci-di-sampierana-u-c-spare-parts-intervista-a-monica","status":"publish","type":"post","link":"https:\/\/spareparts.sampierana.com\/it\/le-voci-di-sampierana-u-c-spare-parts-intervista-a-monica\/","title":{"rendered":"La voce di Monica per raccontare il mondo dei ricambi Sampierana oltre confine"},"content":{"rendered":"\n<p>La incontriamo attraverso lo schermo del pc, da remoto, per intervistarla sul suo percorso e scoprire se, oltre i confini italiani, il mercato dei ricambi segue dinamiche diverse.<\/p>\n\n\n\n<p><strong>Partiamo da principio. L\u2019ingresso in Sampierana.<\/strong><\/p>\n\n\n\n<blockquote class=\"wp-block-quote is-layout-flow wp-block-quote-is-layout-flow\"><p>Sono entrata in Sampierana nel <strong>2022<\/strong>. La mia ultima esperienza lavorativa risaliva ad <strong>Aprile 2022<\/strong>, ma per motivi familiari ad un certo punto mi sono allontanata dal mercato del lavoro. Quando sono arrivata qui a Modena non conoscevo nulla del mondo dei ricambi. Avevo esperienza nel settore metalmeccanico, ma non in quello dei ricambi movimento terra.<\/p><p>Grazie alla <strong>pazienza<\/strong> dei miei colleghi, dopo quasi due anni, ho imparato tantissimo. \u00c8 stato, posso dirlo con certezza, il periodo di formazione pi\u00f9 duro della mia vita.<\/p><\/blockquote>\n\n\n\n<p><strong>Quando hai iniziato cosa ti \u00e8 stato assegnato?<\/strong><\/p>\n\n\n\n<blockquote class=\"wp-block-quote is-layout-flow wp-block-quote-is-layout-flow\"><p>All\u2019inizio sono stata attiva su tutti <strong>i mercati esteri <\/strong>(preventivi, vendite). Dopo qualche mese, c\u2019\u00e8 stata la suddivisione delle aree e mi sono state assegnate determinate zone (<strong>Europa dell\u2019Est, Germania<\/strong>).<\/p><\/blockquote>\n\n\n\n<p><strong>Hai parlato di un inserimento \u201cduro\u201d. Ti riferisci al fatto di imparare a conoscere il mercato dei ricambi?<\/strong><\/p>\n\n\n\n<blockquote class=\"wp-block-quote is-layout-flow wp-block-quote-is-layout-flow\"><p>S\u00ec. Io ero abituata a lavorare per aziende produttive, sia monomarca che multimarca, ma il prodotto era uno principalmente. Anche qui il prodotto \u00e8, di base, uno, ma suddiviso in diverse tipologie con caratteristiche e dinamiche diverse.<\/p><p>Non essendo del settore \u00e8 stato difficile recuperare per servire i clienti.<\/p><\/blockquote>\n\n\n\n<p><strong>Qual \u00e8 stato il primo impatto con i mercati che segui?<\/strong><\/p>\n\n\n\n<blockquote class=\"wp-block-quote is-layout-flow wp-block-quote-is-layout-flow\"><p>\u00c8 stato quello di avere dei <strong>clienti<\/strong> molto <strong>pazienti<\/strong>, per\u00f2 parlavano in un\u2019altra lingua per me. Un prodotto pu\u00f2 avere pi\u00f9 codici corrispondenti e questa \u00e8 stata la parte pi\u00f9 dura da assimilare. Per\u00f2, ripeto, mi \u00e8 sempre stato dato supporto sia dai colleghi sia dal Direttore Commerciale.<\/p><\/blockquote>\n\n\n\n<p><strong>Il primo cliente che ti hanno assegnato?<\/strong><\/p>\n\n\n\n<blockquote class=\"wp-block-quote is-layout-flow wp-block-quote-is-layout-flow\"><p>Se la memoria non mi inganna credo fosse un cliente greco. Dopo la suddivisione delle zone, la Grecia \u00e8 diventato uno dei miei paesi. Quello greco tra l\u2019altro \u00e8 spesso sottovalutato, mentre rimane uno dei \u00e8 uno dei mercati maggiori dove si costruisce.<\/p><\/blockquote>\n\n\n\n<p><strong>Ti ricordi un episodio o un incontro con un cliente che ti ha segnato?<\/strong><\/p>\n\n\n\n<blockquote class=\"wp-block-quote is-layout-flow wp-block-quote-is-layout-flow\"><p>A gennaio ho avuto modo di fare visita di persona ai clienti e avere la persona davanti a te in carne e ossa \u00e8 una percezione molto diversa. Il cliente, in queste occasioni, ha molta pi\u00f9 empatia nei tuoi confronti.<\/p><p>Un ricordo bello \u00e8 stata la mail di un cliente greco che ci ha ringraziato della disponibilit\u00e0 e del lavoro svolto sottolineando che il nostro lavoro ci spinge ad andare sempre di fretta e trovare il tempo di approfondire le questioni personali \u00e8 veramente qualcosa di prezioso.<\/p><p>Sono parole apparentemente banali, ma in realt\u00e0 \u00e8 questa l\u2019altra faccia del nostro lavoro. Ed \u00e8 altrettanto importante.<\/p><\/blockquote>\n\n\n\n<p><strong>Come si svolge la tua giornata lavorativa?<\/strong><\/p>\n\n\n\n<blockquote class=\"wp-block-quote is-layout-flow wp-block-quote-is-layout-flow\"><p>La mia giornata lavorativa si svolge con un lavoro di follow up sui preventivi inviati ai clienti. Se non c\u2019\u00e8 questa parte, si comincia a vagliare qualche nuovo viaggio da poter fare. Il lavoro attivo \u00e8 <strong>mail-preventivo-ordine<\/strong>. Altrimenti si fa focus sul lavoro di follow up.<\/p><\/blockquote>\n\n\n\n<p><strong>In questa parte di lavoro rientra anche il fatto di trovare nuovi clienti?<\/strong><\/p>\n\n\n\n<blockquote class=\"wp-block-quote is-layout-flow wp-block-quote-is-layout-flow\"><p>S\u00ec, assolutamente. Via mail e virtualmente \u00e8 sempre difficile. Per questo stiamo cercando di individuare zone dove trovare nuovi clienti. Alcuni territori sono gi\u00e0 in gran parte battuti. Per esempio, la Germania \u00e8 molto concentrata sulla fidelizzazione dei clienti, quindi non \u00e8 semplice proporsi. Il nostro sembra un grande mercato, ma alla fine \u00e8 un piccolissimo mondo.<\/p><\/blockquote>\n\n\n\n<p><strong>Qual \u00e8 la parte pi\u00f9 difficile del lavoro commerciale nel settore ricambi?<\/strong><\/p>\n\n\n\n<blockquote class=\"wp-block-quote is-layout-flow wp-block-quote-is-layout-flow\"><p>Essere competitivi sul prezzo. Il ricambio, anche quando \u00e8 il migliore, tende ad essere il materiale su cui si risparmia di pi\u00f9. La cosa pi\u00f9 difficile per capire fin dove ti puoi spingere nella contrattazione \u00e8 proprio il prezzo a mio parere.<\/p><p>Se un cliente ricerca un escavatore brandizzato specifico ha ben chiara la fascia di prezzo e anche un fornitore specifico il pi\u00f9 delle volte, mentre il ricambio posso venderglielo io cos\u00ec come un altro commerciale. Noi forniamo comunque la top class dei ricambi grazie a Berco, per\u00f2 alcuni clienti non ricercano per forza questo marchio.<\/p><\/blockquote>\n\n\n\n<p><strong>I tuoi clienti prediligono la linea Berco o Sampierana?<\/strong><\/p>\n\n\n\n<blockquote class=\"wp-block-quote is-layout-flow wp-block-quote-is-layout-flow\"><p>In realt\u00e0 molto dipende dai paesi. La Germania fa pi\u00f9 focus su Berco, altri paesi puntano su Sampierana proprio per il fattore prezzo. Molto dipende anche dalla velocit\u00e0 sul fornire i materiali. In questo momento storico questa \u00e8 davvero la nota dolente per il nostro mercato.<\/p><\/blockquote>\n\n\n\n<p><strong>Sei riuscita in Sampierana a mettere a frutto delle competenze che avevi cumulato prima negli anni?<\/strong><\/p>\n\n\n\n<blockquote class=\"wp-block-quote is-layout-flow wp-block-quote-is-layout-flow\"><p>Tutto quello che ho fatto fino ad adesso mi \u00e8 servito. Ho capito che tutti i lavori svolti finora sono serviti per portarmi a comporre questo quadro.<\/p><\/blockquote>\n\n\n\n<p><strong>Qual \u00e8 l\u2019aspetto che ti piace di pi\u00f9 di Sampierana?<\/strong><\/p>\n\n\n\n<blockquote class=\"wp-block-quote is-layout-flow wp-block-quote-is-layout-flow\"><p>Sicuramente a livello professionale nel rapporto con i colleghi mi sono trovata molto bene.<\/p><p>Mi trovo molto bene anche con il direttore commerciale. Questi non sono fattori scontati. Il fatto che siamo un\u2019azienda di medie dimensioni, anche se oggi facciamo parte di un gruppo internazionale, e il fatto che abbiamo la possibilit\u00e0 di lavorare in smart working sono davvero essenziali in ottica presente e futura.<\/p><p>Per me \u00e8 stato un grande surplus entrare nel mondo CNH. Sono molto grata di questo e mi trovo molto bene qui anche per quello.<\/p><\/blockquote>\n","protected":false},"excerpt":{"rendered":"<p>Monica segue da ventidue anni il settore metalmeccanico con ruolo commerciale e nel 2022 ha iniziato a lavorare con lo stesso ruolo nel campo dei ricambi in Sampierana U\/C Spare Parts.<\/p>\n","protected":false},"author":9,"featured_media":1864,"comment_status":"closed","ping_status":"open","sticky":false,"template":"","format":"standard","meta":{"_breakdance_hide_in_design_set":false,"_breakdance_tags":"","footnotes":""},"categories":[52],"tags":[],"class_list":["post-2295","post","type-post","status-publish","format-standard","has-post-thumbnail","hentry","category-people-life"],"yoast_head":"<!-- This site is optimized with the Yoast SEO plugin v26.3 - https:\/\/yoast.com\/wordpress\/plugins\/seo\/ -->\n<title>La voce di Monica per raccontare il mondo dei ricambi Sampierana oltre confine<\/title>\n<meta name=\"description\" content=\"Monica lavora da ventidue anni nel settore metalmeccanico come responsabile commerciale. Dal 2022 \u00e8 in Sampierana e segue il mercato estero.\" \/>\n<meta name=\"robots\" content=\"index, follow, max-snippet:-1, max-image-preview:large, max-video-preview:-1\" \/>\n<link rel=\"canonical\" href=\"https:\/\/spareparts.sampierana.com\/it\/le-voci-di-sampierana-u-c-spare-parts-intervista-a-monica\/\" \/>\n<meta property=\"og:locale\" content=\"it_IT\" \/>\n<meta property=\"og:type\" content=\"article\" \/>\n<meta property=\"og:title\" content=\"La voce di Monica per raccontare il mondo dei ricambi Sampierana oltre confine\" \/>\n<meta property=\"og:description\" content=\"Monica lavora da ventidue anni nel settore metalmeccanico come responsabile commerciale. Dal 2022 \u00e8 in Sampierana e segue il mercato estero.\" \/>\n<meta property=\"og:url\" content=\"https:\/\/spareparts.sampierana.com\/it\/le-voci-di-sampierana-u-c-spare-parts-intervista-a-monica\/\" \/>\n<meta property=\"og:site_name\" content=\"Sampierana UC Spare Parts\" \/>\n<meta property=\"article:published_time\" content=\"2024-06-12T14:29:40+00:00\" \/>\n<meta property=\"article:modified_time\" content=\"2024-09-05T12:57:20+00:00\" \/>\n<meta property=\"og:image\" content=\"https:\/\/spareparts.sampierana.com\/wp-content\/uploads\/sites\/9\/2024\/01\/Banner-x-News.png\" \/>\n\t<meta property=\"og:image:width\" content=\"1920\" \/>\n\t<meta property=\"og:image:height\" content=\"400\" \/>\n\t<meta property=\"og:image:type\" content=\"image\/png\" \/>\n<meta name=\"author\" content=\"dellamonicasara\" \/>\n<meta name=\"twitter:card\" content=\"summary_large_image\" \/>\n<meta name=\"twitter:label1\" content=\"Written by\" \/>\n\t<meta name=\"twitter:data1\" content=\"dellamonicasara\" \/>\n\t<meta name=\"twitter:label2\" content=\"Est. reading time\" \/>\n\t<meta name=\"twitter:data2\" content=\"4 minutes\" \/>\n<script type=\"application\/ld+json\" class=\"yoast-schema-graph\">{\"@context\":\"https:\/\/schema.org\",\"@graph\":[{\"@type\":\"WebPage\",\"@id\":\"https:\/\/spareparts.sampierana.com\/it\/le-voci-di-sampierana-u-c-spare-parts-intervista-a-monica\/\",\"url\":\"https:\/\/spareparts.sampierana.com\/it\/le-voci-di-sampierana-u-c-spare-parts-intervista-a-monica\/\",\"name\":\"La voce di Monica per raccontare il mondo dei ricambi Sampierana oltre confine\",\"isPartOf\":{\"@id\":\"https:\/\/spareparts.sampierana.com\/it\/#website\"},\"primaryImageOfPage\":{\"@id\":\"https:\/\/spareparts.sampierana.com\/it\/le-voci-di-sampierana-u-c-spare-parts-intervista-a-monica\/#primaryimage\"},\"image\":{\"@id\":\"https:\/\/spareparts.sampierana.com\/it\/le-voci-di-sampierana-u-c-spare-parts-intervista-a-monica\/#primaryimage\"},\"thumbnailUrl\":\"https:\/\/spareparts.sampierana.com\/wp-content\/uploads\/sites\/9\/2024\/01\/Banner-x-News.png\",\"datePublished\":\"2024-06-12T14:29:40+00:00\",\"dateModified\":\"2024-09-05T12:57:20+00:00\",\"author\":{\"@id\":\"https:\/\/spareparts.sampierana.com\/it\/#\/schema\/person\/a3d90b81acd39762fd43bea8e7208c97\"},\"description\":\"Monica lavora da ventidue anni nel settore metalmeccanico come responsabile commerciale. Dal 2022 \u00e8 in Sampierana e segue il mercato estero.\",\"breadcrumb\":{\"@id\":\"https:\/\/spareparts.sampierana.com\/it\/le-voci-di-sampierana-u-c-spare-parts-intervista-a-monica\/#breadcrumb\"},\"inLanguage\":\"it\",\"potentialAction\":[{\"@type\":\"ReadAction\",\"target\":[\"https:\/\/spareparts.sampierana.com\/it\/le-voci-di-sampierana-u-c-spare-parts-intervista-a-monica\/\"]}]},{\"@type\":\"ImageObject\",\"inLanguage\":\"it\",\"@id\":\"https:\/\/spareparts.sampierana.com\/it\/le-voci-di-sampierana-u-c-spare-parts-intervista-a-monica\/#primaryimage\",\"url\":\"https:\/\/spareparts.sampierana.com\/wp-content\/uploads\/sites\/9\/2024\/01\/Banner-x-News.png\",\"contentUrl\":\"https:\/\/spareparts.sampierana.com\/wp-content\/uploads\/sites\/9\/2024\/01\/Banner-x-News.png\",\"width\":1920,\"height\":400},{\"@type\":\"BreadcrumbList\",\"@id\":\"https:\/\/spareparts.sampierana.com\/it\/le-voci-di-sampierana-u-c-spare-parts-intervista-a-monica\/#breadcrumb\",\"itemListElement\":[{\"@type\":\"ListItem\",\"position\":1,\"name\":\"Home\",\"item\":\"https:\/\/spareparts.sampierana.com\/it\/\"},{\"@type\":\"ListItem\",\"position\":2,\"name\":\"La voce di Monica per raccontare il mondo dei ricambi Sampierana oltre confine\"}]},{\"@type\":\"WebSite\",\"@id\":\"https:\/\/spareparts.sampierana.com\/it\/#website\",\"url\":\"https:\/\/spareparts.sampierana.com\/it\/\",\"name\":\"Sampierana UC Spare Parts\",\"description\":\"Concrete Solutions Always\",\"potentialAction\":[{\"@type\":\"SearchAction\",\"target\":{\"@type\":\"EntryPoint\",\"urlTemplate\":\"https:\/\/spareparts.sampierana.com\/it\/?s={search_term_string}\"},\"query-input\":{\"@type\":\"PropertyValueSpecification\",\"valueRequired\":true,\"valueName\":\"search_term_string\"}}],\"inLanguage\":\"it\"},{\"@type\":\"Person\",\"@id\":\"https:\/\/spareparts.sampierana.com\/it\/#\/schema\/person\/a3d90b81acd39762fd43bea8e7208c97\",\"name\":\"dellamonicasara\",\"image\":{\"@type\":\"ImageObject\",\"inLanguage\":\"it\",\"@id\":\"https:\/\/spareparts.sampierana.com\/it\/#\/schema\/person\/image\/\",\"url\":\"https:\/\/secure.gravatar.com\/avatar\/dd0c77e2f6d39580248964612c453a0699960e1e0e67b33bc961ec1acefb8c53?s=96&d=mm&r=g\",\"contentUrl\":\"https:\/\/secure.gravatar.com\/avatar\/dd0c77e2f6d39580248964612c453a0699960e1e0e67b33bc961ec1acefb8c53?s=96&d=mm&r=g\",\"caption\":\"dellamonicasara\"}}]}<\/script>\n<!-- \/ Yoast SEO plugin. -->","yoast_head_json":{"title":"La voce di Monica per raccontare il mondo dei ricambi Sampierana oltre confine","description":"Monica lavora da ventidue anni nel settore metalmeccanico come responsabile commerciale. Dal 2022 \u00e8 in Sampierana e segue il mercato estero.","robots":{"index":"index","follow":"follow","max-snippet":"max-snippet:-1","max-image-preview":"max-image-preview:large","max-video-preview":"max-video-preview:-1"},"canonical":"https:\/\/spareparts.sampierana.com\/it\/le-voci-di-sampierana-u-c-spare-parts-intervista-a-monica\/","og_locale":"it_IT","og_type":"article","og_title":"La voce di Monica per raccontare il mondo dei ricambi Sampierana oltre confine","og_description":"Monica lavora da ventidue anni nel settore metalmeccanico come responsabile commerciale. Dal 2022 \u00e8 in Sampierana e segue il mercato estero.","og_url":"https:\/\/spareparts.sampierana.com\/it\/le-voci-di-sampierana-u-c-spare-parts-intervista-a-monica\/","og_site_name":"Sampierana UC Spare Parts","article_published_time":"2024-06-12T14:29:40+00:00","article_modified_time":"2024-09-05T12:57:20+00:00","og_image":[{"width":1920,"height":400,"url":"https:\/\/spareparts.sampierana.com\/wp-content\/uploads\/sites\/9\/2024\/01\/Banner-x-News.png","type":"image\/png"}],"author":"dellamonicasara","twitter_card":"summary_large_image","twitter_misc":{"Written by":"dellamonicasara","Est. reading time":"4 minutes"},"schema":{"@context":"https:\/\/schema.org","@graph":[{"@type":"WebPage","@id":"https:\/\/spareparts.sampierana.com\/it\/le-voci-di-sampierana-u-c-spare-parts-intervista-a-monica\/","url":"https:\/\/spareparts.sampierana.com\/it\/le-voci-di-sampierana-u-c-spare-parts-intervista-a-monica\/","name":"La voce di Monica per raccontare il mondo dei ricambi Sampierana oltre confine","isPartOf":{"@id":"https:\/\/spareparts.sampierana.com\/it\/#website"},"primaryImageOfPage":{"@id":"https:\/\/spareparts.sampierana.com\/it\/le-voci-di-sampierana-u-c-spare-parts-intervista-a-monica\/#primaryimage"},"image":{"@id":"https:\/\/spareparts.sampierana.com\/it\/le-voci-di-sampierana-u-c-spare-parts-intervista-a-monica\/#primaryimage"},"thumbnailUrl":"https:\/\/spareparts.sampierana.com\/wp-content\/uploads\/sites\/9\/2024\/01\/Banner-x-News.png","datePublished":"2024-06-12T14:29:40+00:00","dateModified":"2024-09-05T12:57:20+00:00","author":{"@id":"https:\/\/spareparts.sampierana.com\/it\/#\/schema\/person\/a3d90b81acd39762fd43bea8e7208c97"},"description":"Monica lavora da ventidue anni nel settore metalmeccanico come responsabile commerciale. Dal 2022 \u00e8 in Sampierana e segue il mercato estero.","breadcrumb":{"@id":"https:\/\/spareparts.sampierana.com\/it\/le-voci-di-sampierana-u-c-spare-parts-intervista-a-monica\/#breadcrumb"},"inLanguage":"it","potentialAction":[{"@type":"ReadAction","target":["https:\/\/spareparts.sampierana.com\/it\/le-voci-di-sampierana-u-c-spare-parts-intervista-a-monica\/"]}]},{"@type":"ImageObject","inLanguage":"it","@id":"https:\/\/spareparts.sampierana.com\/it\/le-voci-di-sampierana-u-c-spare-parts-intervista-a-monica\/#primaryimage","url":"https:\/\/spareparts.sampierana.com\/wp-content\/uploads\/sites\/9\/2024\/01\/Banner-x-News.png","contentUrl":"https:\/\/spareparts.sampierana.com\/wp-content\/uploads\/sites\/9\/2024\/01\/Banner-x-News.png","width":1920,"height":400},{"@type":"BreadcrumbList","@id":"https:\/\/spareparts.sampierana.com\/it\/le-voci-di-sampierana-u-c-spare-parts-intervista-a-monica\/#breadcrumb","itemListElement":[{"@type":"ListItem","position":1,"name":"Home","item":"https:\/\/spareparts.sampierana.com\/it\/"},{"@type":"ListItem","position":2,"name":"La voce di Monica per raccontare il mondo dei ricambi Sampierana oltre confine"}]},{"@type":"WebSite","@id":"https:\/\/spareparts.sampierana.com\/it\/#website","url":"https:\/\/spareparts.sampierana.com\/it\/","name":"Sampierana UC Spare Parts","description":"Concrete Solutions Always","potentialAction":[{"@type":"SearchAction","target":{"@type":"EntryPoint","urlTemplate":"https:\/\/spareparts.sampierana.com\/it\/?s={search_term_string}"},"query-input":{"@type":"PropertyValueSpecification","valueRequired":true,"valueName":"search_term_string"}}],"inLanguage":"it"},{"@type":"Person","@id":"https:\/\/spareparts.sampierana.com\/it\/#\/schema\/person\/a3d90b81acd39762fd43bea8e7208c97","name":"dellamonicasara","image":{"@type":"ImageObject","inLanguage":"it","@id":"https:\/\/spareparts.sampierana.com\/it\/#\/schema\/person\/image\/","url":"https:\/\/secure.gravatar.com\/avatar\/dd0c77e2f6d39580248964612c453a0699960e1e0e67b33bc961ec1acefb8c53?s=96&d=mm&r=g","contentUrl":"https:\/\/secure.gravatar.com\/avatar\/dd0c77e2f6d39580248964612c453a0699960e1e0e67b33bc961ec1acefb8c53?s=96&d=mm&r=g","caption":"dellamonicasara"}}]}},"_links":{"self":[{"href":"https:\/\/spareparts.sampierana.com\/it\/wp-json\/wp\/v2\/posts\/2295","targetHints":{"allow":["GET"]}}],"collection":[{"href":"https:\/\/spareparts.sampierana.com\/it\/wp-json\/wp\/v2\/posts"}],"about":[{"href":"https:\/\/spareparts.sampierana.com\/it\/wp-json\/wp\/v2\/types\/post"}],"author":[{"embeddable":true,"href":"https:\/\/spareparts.sampierana.com\/it\/wp-json\/wp\/v2\/users\/9"}],"replies":[{"embeddable":true,"href":"https:\/\/spareparts.sampierana.com\/it\/wp-json\/wp\/v2\/comments?post=2295"}],"version-history":[{"count":5,"href":"https:\/\/spareparts.sampierana.com\/it\/wp-json\/wp\/v2\/posts\/2295\/revisions"}],"predecessor-version":[{"id":2307,"href":"https:\/\/spareparts.sampierana.com\/it\/wp-json\/wp\/v2\/posts\/2295\/revisions\/2307"}],"wp:featuredmedia":[{"embeddable":true,"href":"https:\/\/spareparts.sampierana.com\/it\/wp-json\/wp\/v2\/media\/1864"}],"wp:attachment":[{"href":"https:\/\/spareparts.sampierana.com\/it\/wp-json\/wp\/v2\/media?parent=2295"}],"wp:term":[{"taxonomy":"category","embeddable":true,"href":"https:\/\/spareparts.sampierana.com\/it\/wp-json\/wp\/v2\/categories?post=2295"},{"taxonomy":"post_tag","embeddable":true,"href":"https:\/\/spareparts.sampierana.com\/it\/wp-json\/wp\/v2\/tags?post=2295"}],"curies":[{"name":"wp","href":"https:\/\/api.w.org\/{rel}","templated":true}]}}